{"id":4371,"date":"2017-11-20T08:00:12","date_gmt":"2017-11-20T07:00:12","guid":{"rendered":"http:\/\/www.belfers.de\/?p=4371"},"modified":"2018-12-16T08:00:52","modified_gmt":"2018-12-16T07:00:52","slug":"sra-badbergen-verhaltensbeurteilung-zuchtzulassung","status":"publish","type":"post","link":"https:\/\/www.belfers.de\/?p=4371","title":{"rendered":"SRA Badbergen + Verhaltensbeurteilung + Zuchtzulassung"},"content":{"rendered":"<p>Jack war am So, 19.11.17 auf der SRA Badbergen sehr erfolgreich \ud83d\ude42<br \/>\ner bekam von Richterin Kerstin Selle ein V1 (in der Zwischenklasse), Anwardschaft Dt. Ch., CAC, Bester R\u00fcde und BOB (Best of Breed &#8211; Rassebester).<br \/>\nAusserdem fand gestern Jacks Verhaltensbeurteilung statt, die er mit Bravour bestand und somit zur Zucht empfohlen ist.<br \/>\nSomit steht Jack geeigneten H\u00fcndinnen als Deckr\u00fcde zur Verf\u00fcgung.<br \/>\nEine fr\u00fchzeitige Kontaktaufnahme ist sehr erw\u00fcnscht!<\/p>\n<p>Hier geht\u00b4s zu den <a href=\"https:\/\/www.belfers.de\/?page_id=4282\" title=\"Richterberichte 2017\" rel=\"noopener\" target=\"_blank\">Richterberichten 2017<\/a><br \/>\nHier geht\u00b4s zur <a href=\"https:\/\/www.belfers.de\/?page_id=4346\" title=\"Verhaltensbeurteilung\" rel=\"noopener\" target=\"_blank\">Verhaltensbeurteilung<\/a>.<\/p>\n","protected":false},"excerpt":{"rendered":"<p>Jack war am So, 19.11.17 auf der SRA Badbergen sehr erfolgreich \ud83d\ude42 er bekam von Richterin Kerstin Selle ein V1 (in der Zwischenklasse), Anwardschaft Dt. Ch., CAC, Bester R\u00fcde und BOB (Best of Breed &#8211; Rassebester). Ausserdem fand gestern Jacks Verhaltensbeurteilung statt, die er mit Bravour bestand und somit zur Zucht empfohlen ist. Somit steht &hellip; <a href=\"https:\/\/www.belfers.de\/?p=4371\" class=\"more-link\"><span class=\"screen-reader-text\">&#8222;SRA Badbergen + Verhaltensbeurteilung + Zuchtzulassung&#8220; <\/span>weiterlesen<\/a><\/p>\n","protected":false},"author":1,"featured_media":0,"comment_status":"closed","ping_status":"open","sticky":false,"template":"","format":"standard","meta":[],"categories":[1],"tags":[],"_links":{"self":[{"href":"https:\/\/www.belfers.de\/index.php?rest_route=\/wp\/v2\/posts\/4371"}],"collection":[{"href":"https:\/\/www.belfers.de\/index.php?rest_route=\/wp\/v2\/posts"}],"about":[{"href":"https:\/\/www.belfers.de\/index.php?rest_route=\/wp\/v2\/types\/post"}],"author":[{"embeddable":true,"href":"https:\/\/www.belfers.de\/index.php?rest_route=\/wp\/v2\/users\/1"}],"replies":[{"embeddable":true,"href":"https:\/\/www.belfers.de\/index.php?rest_route=%2Fwp%2Fv2%2Fcomments&post=4371"}],"version-history":[{"count":3,"href":"https:\/\/www.belfers.de\/index.php?rest_route=\/wp\/v2\/posts\/4371\/revisions"}],"predecessor-version":[{"id":4387,"href":"https:\/\/www.belfers.de\/index.php?rest_route=\/wp\/v2\/posts\/4371\/revisions\/4387"}],"wp:attachment":[{"href":"https:\/\/www.belfers.de\/index.php?rest_route=%2Fwp%2Fv2%2Fmedia&parent=4371"}],"wp:term":[{"taxonomy":"category","embeddable":true,"href":"https:\/\/www.belfers.de\/index.php?rest_route=%2Fwp%2Fv2%2Fcategories&post=4371"},{"taxonomy":"post_tag","embeddable":true,"href":"https:\/\/www.belfers.de\/index.php?rest_route=%2Fwp%2Fv2%2Ftags&post=4371"}],"curies":[{"name":"wp","href":"https:\/\/api.w.org\/{rel}","templated":true}]}}